[{"@context":"https:\/\/schema.org\/","@type":"Article","@id":"https:\/\/www.inalinia.sk\/ako-si-zariadit-interier-v-severskom-style\/#Article","mainEntityOfPage":"https:\/\/www.inalinia.sk\/ako-si-zariadit-interier-v-severskom-style\/","headline":"Ako si zariadi\u0165 interi\u00e9r v severskom \u0161t\u00fdle?","name":"Ako si zariadi\u0165 interi\u00e9r v severskom \u0161t\u00fdle?","description":"Severania miluj\u00fa svoj kozub a\u00a0krb. Nejde v\u0161ak iba o\u00a0prostriedok na navodenie pr\u00edjemnej atmosf\u00e9ry. Kozub dok\u00e1\u017ee vyk\u00fari\u0165 cel\u00e9 pr\u00edzemie domu. Tak\u017ee aj ke\u010f \u017eij\u00fa tak \u010faleko na severe, zima im tam nie je. Interi\u00e9r je zariaden\u00fd vkusne. Pohodln\u00e1 siv\u00e1 seda\u010dka m\u00f4\u017ee&hellip;","datePublished":"2025-02-25","dateModified":"2023-04-26","author":{"@type":"Person","@id":"https:\/\/www.inalinia.sk\/author\/devene\/#Person","name":"devene","url":"https:\/\/www.inalinia.sk\/author\/devene\/","identifier":1,"image":{"@type":"ImageObject","@id":"https:\/\/secure.gravatar.com\/avatar\/60cfa630c84b6c399b95e807e4bc5b6bfe4f26a47dceacbf179d7148760edc6a?s=96&d=mm&r=g","url":"https:\/\/secure.gravatar.com\/avatar\/60cfa630c84b6c399b95e807e4bc5b6bfe4f26a47dceacbf179d7148760edc6a?s=96&d=mm&r=g","height":96,"width":96}},"publisher":{"@type":"Organization","name":"inalinia.sk","logo":{"@type":"ImageObject","@id":"\/logo.png","url":"\/logo.png","width":600,"height":60}},"image":{"@type":"ImageObject","@id":"https:\/\/www.inalinia.sk\/wp-content\/uploads\/img_a285219_w16562_t1519404383.jpg","url":"https:\/\/www.inalinia.sk\/wp-content\/uploads\/img_a285219_w16562_t1519404383.jpg","height":0,"width":0},"url":"https:\/\/www.inalinia.sk\/ako-si-zariadit-interier-v-severskom-style\/","about":["Dom a byt"],"wordCount":460,"articleBody":"Severania miluj\u00fa svoj kozub a\u00a0krb. Nejde v\u0161ak iba o\u00a0prostriedok na navodenie pr\u00edjemnej atmosf\u00e9ry. Kozub dok\u00e1\u017ee vyk\u00fari\u0165 cel\u00e9 pr\u00edzemie domu. Tak\u017ee aj ke\u010f \u017eij\u00fa tak \u010faleko na severe, zima im tam nie je. Interi\u00e9r je zariaden\u00fd vkusne. Pohodln\u00e1 siv\u00e1 seda\u010dka m\u00f4\u017ee by\u0165 centrom ob\u00fdva\u010dky. Neutr\u00e1lne siv\u00e9 t\u00f3ny s\u00fa ide\u00e1lnou vo\u013ebou. \u013dahko sa daj\u00fa dop\u013a\u0148a\u0165 vank\u00fa\u0161mi a\u00a0pl\u00e9dmi pod\u013ea vkusu \u010di ro\u010dn\u00e9ho obdobia. \u017diariv\u00e1 biela v\u00a0kombin\u00e1cii so svetl\u00edm drevom je z\u00e1kladnou farbou pre cel\u00fd interi\u00e9r. Podlahy v\u00a0celom dome m\u00f4\u017eu pokr\u00fdva\u0165 vinylov\u00e9 dielce.\u0160kandin\u00e1vsky interi\u00e9r &#8211; to je spojenie jednoduchosti, s\u00faladu a\u00a0\u010distoty. Niekedy je farebn\u00e9 rie\u0161enie \u00faspornej\u0161ie, inokedy sa nech\u00e1me pri dizajne unies\u0165. Z\u00e1kladom je biela, ktor\u00e1 sa kr\u00e1sne kombinuje so v\u0161etk\u00fdmi ostatn\u00fdmi farbami. Nasleduje siv\u00e1 a\u00a0drevo. Pod\u013ea n\u00e1lady je mo\u017ene ich potom dop\u013a\u0148a\u0165 jednou alebo dvoma \u010fal\u0161\u00edmi farbami. Typick\u00e1 je, ako sme u\u017e spomenuli, jednoduchos\u0165 \u2013 jednoduch\u00e9 tvary aj vzory a\u00a0pr\u00edrodn\u00e9 materi\u00e1ly. Zauj\u00edmavo p\u00f4sob\u00ed aj typick\u00e1 modr\u00e1, farba m\u00e4ty je tie\u017e v\u00a0\u0161kandin\u00e1vskych interi\u00e9roch ve\u013emi ob\u013e\u00faben\u00e1 a\u00a0so sivou, bielou a\u00a0modrou vytv\u00e1ra ve\u013emi pr\u00edjemn\u00fa kombin\u00e1ciu. V\u00a0sp\u00e1lni d\u00fdcha pokoj a\u00a0harm\u00f3nia. Vn\u00e1\u0161aj\u00fa ju sem pastelov\u00e9 t\u00f3ny prikr\u00fdvok, vank\u00fa\u0161ov a\u00a0povle\u010denia.\tTri rady pri zaria\u010fovan\u00ed\t\u00a01.\u00a0\u00a0\u00a0\u00a0\u00a0 Z\u00e1klad by mal by\u0165 jednoduch\u00fd. Uprednostnite prost\u00e9 tvary a\u00a0neutr\u00e1lne farby. Pre tieto interi\u00e9ry je toti\u017e striedmos\u0165 v\u00a0pou\u017e\u00edvan\u00ed farieb typick\u00e1. Steny, podlahy a\u00a0n\u00e1bytok la\u010fte v\u00a0odtie\u0148och sivej, bielej a\u00a0\u010diernej. M\u00f4\u017eete sa tie\u017e prikloni\u0165 k\u00a0pr\u00edrodn\u00fdm zemit\u00fdm t\u00f3nom. Farebnos\u0165 doplnkov potom m\u00f4\u017eete obmie\u0148a\u0165 pod\u013ea n\u00e1lady.2.\u00a0\u00a0\u00a0\u00a0\u00a0 Dr\u017ete sa prirodzenosti.Pr\u00edrodn\u00e9 materi\u00e1ly navodia autentick\u00fa seversk\u00fa atmosf\u00e9ru.Ide najm\u00e4 o\u00a0svetl\u00e9 drevo, vlnu a\u00a0\u013ean, ale aj o\u00a0mramor. \u010co sa t\u00fdka podlahy, t\u00e1 by ide\u00e1lne mala by\u0165 zo svetl\u00e9ho dreva, pr\u00edpadne biela. Ak va\u0161a podlaha do seversk\u00e9ho konceptu nezapad\u00e1, pokojne ju natrite nabielo, alebo na \u0148u rozmiestnite svetl\u00e9 kober\u010deky s\u00a0hrubou text\u00farou, pr\u00edpadne pou\u017eite ko\u017eu\u0161iny.3.\u00a0\u00a0\u00a0\u00a0\u00a0 Doplnky ako cesta k \u201eseveru\u201c.D\u00f4le\u017eit\u00fa a\u00a0z\u00e1sadn\u00fa \u00falohu v\u00a0takomto interi\u00e9ry zohr\u00e1vaj\u00fa najm\u00e4 vank\u00fa\u0161e a\u00a0deky. M\u00f4\u017eu by\u0165 vlnen\u00e9, \u013eanov\u00e9, pleten\u00e9 \u010di s\u00a0jednoduch\u00fdmi vzormi, pr\u00edpadne ko\u017eu\u0161inov\u00e9. Z\u00e1sadn\u00e9 s\u00fa aj ko\u017ee z\u00a0r\u00f4znych materi\u00e1lov, \u010falej svietniky a\u00a0v\u00e1zy, svie\u010dky, fotografie alebo plag\u00e1ty v\u00a0minimalistick\u00fdch \u010diernych r\u00e1moch.\u00a0                                                                                                                                                                                                                                                                                                                                                                                        3.4\/5 - (7 votes)        "},{"@context":"https:\/\/schema.org\/","@type":"BreadcrumbList","itemListElement":[{"@type":"ListItem","position":1,"name":"Ako si zariadi\u0165 interi\u00e9r v severskom \u0161t\u00fdle?","item":"https:\/\/www.inalinia.sk\/ako-si-zariadit-interier-v-severskom-style\/#breadcrumbitem"}]}]