[{"@context":"https:\/\/schema.org\/","@type":"Article","@id":"https:\/\/www.inalinia.sk\/ste-manzelsky-par-ktory-si-vybera-vas-prvy-matrac\/#Article","mainEntityOfPage":"https:\/\/www.inalinia.sk\/ste-manzelsky-par-ktory-si-vybera-vas-prvy-matrac\/","headline":"Ste man\u017eelsk\u00fd p\u00e1r, ktor\u00fd si vyber\u00e1 v\u00e1\u0161 prv\u00fd matrac?","name":"Ste man\u017eelsk\u00fd p\u00e1r, ktor\u00fd si vyber\u00e1 v\u00e1\u0161 prv\u00fd matrac?","description":"Alebo len potrebujete vymeni\u0165 star\u00fd matrac za nov\u00fd? Pam\u00e4t\u00e1m si na svoj prv\u00fd v\u00fdber matraca. V\u00f4bec som nevedela \u010do m\u00e1m h\u013eada\u0165, aby som si vybrala ten spr\u00e1vny. Ka\u017ed\u00fd koho som sa p\u00fdtala mi radil nie\u010do in\u00e9. Ve\u010f je to\u013eko druhov&hellip;","datePublished":"2022-07-11","dateModified":"2023-04-26","author":{"@type":"Person","@id":"https:\/\/www.inalinia.sk\/author\/devene\/#Person","name":"devene","url":"https:\/\/www.inalinia.sk\/author\/devene\/","identifier":1,"image":{"@type":"ImageObject","@id":"https:\/\/secure.gravatar.com\/avatar\/60cfa630c84b6c399b95e807e4bc5b6bfe4f26a47dceacbf179d7148760edc6a?s=96&d=mm&r=g","url":"https:\/\/secure.gravatar.com\/avatar\/60cfa630c84b6c399b95e807e4bc5b6bfe4f26a47dceacbf179d7148760edc6a?s=96&d=mm&r=g","height":96,"width":96}},"publisher":{"@type":"Organization","name":"inalinia.sk","logo":{"@type":"ImageObject","@id":"\/logo.png","url":"\/logo.png","width":600,"height":60}},"image":{"@type":"ImageObject","@id":"https:\/\/www.inalinia.sk\/wp-content\/uploads\/Empty.jpg","url":"https:\/\/www.inalinia.sk\/wp-content\/uploads\/Empty.jpg","height":0,"width":0},"url":"https:\/\/www.inalinia.sk\/ste-manzelsky-par-ktory-si-vybera-vas-prvy-matrac\/","about":["N\u00e1kupy"],"wordCount":566,"articleBody":"         Alebo len potrebujete vymeni\u0165 star\u00fd matrac za nov\u00fd? Pam\u00e4t\u00e1m si na svoj prv\u00fd v\u00fdber matraca. V\u00f4bec som nevedela \u010do m\u00e1m h\u013eada\u0165, aby som si vybrala ten spr\u00e1vny. Ka\u017ed\u00fd koho som sa p\u00fdtala mi radil nie\u010do in\u00e9.Ve\u010f je to\u013eko druhov matracov:Sendvi\u010dov\u00e9Latexov\u00e9Komfort penaMemory penaStuden\u00e1 penaPru\u017einov\u00e9 Ta\u0161ti\u010dkov\u00e9 Bonell pru\u017einov\u00e9Stupe\u0148 tvrdosti? Po\u010dujem to prv\u00fd kr\u00e1t \u010eal\u0161\u00ed parameter, \u010do som si musela na\u0161tudova\u0165 bol stupe\u0148 tvrdosti. Pre m\u0148a to bol ten najd\u00f4le\u017eitej\u0161\u00ed \u00fadaj. Vybrala som si ozna\u010denie H2. To je stredne m\u00e4kk\u00fd matrac. Ide\u00e1lny pre \u013eud\u00ed, \u010do radi spia na boku alebo na bruchu. Tvrd\u0161ie matrace s\u00fa zasa odpor\u00fa\u010dan\u00e9 pre \u013eud\u00ed, ktor\u00ed preferuj\u00fa spanie na chrbte.Vedeli ste \u017ee&#8230;Matrace maj\u00fa 5 stup\u0148ov tvrdostiH1 ozna\u010denie \u2013 je m\u00e4kk\u00fd matracH2 ozna\u010denie \u2013 je stredne m\u00e4kk\u00fd matracH3 ozna\u010denie \u2013 je stredn\u00fd matracH4 ozna\u010denie &#8211; je stredne tvrd\u00fd matracH5 ozna\u010denie \u2013 je tvrd\u00fd matracKe\u010f\u017ee som kupovala matrac na man\u017eelsk\u00fa poste\u013e, musela som si vybra\u0165 medzi jedn\u00fdm ve\u013ek\u00fdm matracom alebo 2 oddelen\u00fdmi. V\u00fdrobcovia odpor\u00fa\u010daj\u00fa k\u00fapi\u0165 2 oddelen\u00e9 matrace. Hlavne kv\u00f4li tvrdosti. Ka\u017ed\u00fd z partnerov si vyberie tvrdos\u0165 matraca, ktor\u00e1 mu vyhovuje. Plusom je, \u017ee ke\u010f si vyberiete 2 oddelen\u00e9 matrace, tak si m\u00f4\u017eete zak\u00fapi\u0165 polohovate\u013en\u00e9 lamelov\u00e9 ro\u0161ty. Ja som nakoniec siahla po jednom ve\u013ekom matraci a to z 2 d\u00f4vodov. Pl\u00e1novala som si zalo\u017ei\u0165 rodinu, a chcela som aby na\u0161e b\u00e1b\u00e4tko spalo medzi mnou a man\u017eelom. Je jednoduch\u0161ie ma\u0165 ulo\u017een\u00e9 die\u0165a na celom matraci ako keby bolo v diere medzi 2 matracmi. Druh\u00fd d\u00f4vod bol, \u017ee cel\u00fd matrac mi pr\u00edde ako lep\u0161\u00ed n\u00e1pad pri vykon\u00e1van\u00ed int\u00edmnosti. T\u00falenie pri man\u017eelovi je jednoduch\u0161ie ke\u010f je matrac v celku. S vekom sa potreby tela menia, preto treba na to myslie\u0165 aj pri v\u00fdbere spr\u00e1vneho matraca.Ako vybra\u0165 matrac pod\u013ea veku?Pre detiVyberte matrac, ktor\u00fd m\u00e1 potrebn\u00e9 certifik\u00e1tyZabezpe\u010duje vo\u013en\u00fa cirkul\u00e1ciu vzduchuMal by by\u0165 dostato\u010dne tvrd\u00fd ale aj pru\u017en\u00fd, aby podopieral chrbticuMus\u00ed by\u0165 vyroben\u00fd z tkan\u00edv, ktor\u00e9 s\u00fa pr\u00edjemn\u00e9 pre poko\u017ekuPre dospel\u00fdchMal by by\u0165 aspo\u0148 o 15 \u2013 20 cm dlh\u0161\u00ed ako je d\u013a\u017eka u\u017e\u00edvate\u013eaMinim\u00e1lna \u0161\u00edrka pre jednu osobou je 70 cm, ale \u010d\u00edm \u0161ir\u0161\u00ed t\u00fdm v\u00e4\u010d\u0161\u00ed komfortMatrac by mal ma\u0165 v\u00fd\u0161ku aspo\u0148 18 cm, pre spr\u00e1vnu oporu telaPre seniorovPr\u00edli\u0161 tvrd\u00fd matrac, nie je vhodn\u00fd pre t\u00fdch \u010do maj\u00fa probl\u00e9m s krvn\u00fdm obehomD\u00f4le\u017eit\u00fd je matrac, ktor\u00fd je proti prele\u017eanin\u00e1mVybra\u0165 si spr\u00e1vnu tvrdos\u0165 matraca je z\u00e1klad, aby sa lep\u0161ie prisp\u00f4sobil tvaru tela a hmotnosti u\u017e\u00edvate\u013eaSeniorom sa odpor\u00fa\u010da hlavne ortopedick\u00fd matrac\u010co odpor\u00fa\u010daj\u00fa odborn\u00edci?Pravideln\u00e9 \u010distenie matraca 4x ro\u010dneVymie\u0148a\u0165 matrac ka\u017ed\u00fdch 10 \u2013 12 rokovObraca\u0165 matrac, aby sa netvorili prele\u017eaninyK\u00fapi\u0165 si chr\u00e1ni\u010d na matracAk v\u00e1s bol\u00ed chrb\u00e1t alebo kr\u00ed\u017ee, porozm\u00fd\u0161\u013ea\u0165 o v\u00fdmene matracaSamozrejme, rozhodnutie je na v\u00e1s. Iba spr\u00e1vne vybrat\u00fd matrac v\u00e1m zabezpe\u010d\u00ed kvalitn\u00fd sp\u00e1nok.                                                                                                                                                                                                                                                                                                                                                                                          4.3\/5 - (14 votes)        "},{"@context":"https:\/\/schema.org\/","@type":"BreadcrumbList","itemListElement":[{"@type":"ListItem","position":1,"name":"Ste man\u017eelsk\u00fd p\u00e1r, ktor\u00fd si vyber\u00e1 v\u00e1\u0161 prv\u00fd matrac?","item":"https:\/\/www.inalinia.sk\/ste-manzelsky-par-ktory-si-vybera-vas-prvy-matrac\/#breadcrumbitem"}]}]